{"id":29178,"date":"2024-05-31T07:54:32","date_gmt":"2024-05-31T07:54:32","guid":{"rendered":"https:\/\/alliedforces.eu\/?p=29178"},"modified":"2024-05-31T07:54:33","modified_gmt":"2024-05-31T07:54:33","slug":"rotting-christ-tour-dates-2024","status":"publish","type":"post","link":"https:\/\/alliedforces.eu\/en\/rotting-christ-tour-dates-2024\/","title":{"rendered":"Rotting Christ announces European tour dates with Borknagar and Seth"},"content":{"rendered":"<p class=\"wp-block-paragraph\">Greek black metallers <strong><a href=\"https:\/\/alliedforces.eu\/en\/rotting-christ-new-album-pro-xristoy\/\" data-type=\"post\" data-id=\"27924\">Rotting Christ<\/a><\/strong> have recently announced that at the end of the year they will go on an extensive European tour to mark their 35th anniversary, also presenting their most recent studio album <strong><em>Pro Xristou<\/em><\/strong>, which was recently released through <strong>Season Of Mist<\/strong>. The Greeks will share the bill with two high-caliber bands such as <strong>Borknagar <\/strong>and <strong>Seth<\/strong>, who have recently released their latest studio works: <strong><a href=\"https:\/\/alliedforces.eu\/en\/review-borknagar-fall-2024\/\" data-type=\"post\" data-id=\"28301\">Fall<\/a><\/strong> (Century Media) and <strong><em><a href=\"https:\/\/alliedforces.eu\/en\/seth-et-que-vive-le-diable-video\/\" data-type=\"post\" data-id=\"29048\">La France Des Maudits<\/a><\/em><\/strong> respectively (Season Of Mist).<\/p>\n\n\n\n<p class=\"wp-block-paragraph\">Below you can see the complete list of stops on the so-called <strong><em>35 Years Of Evil Existence<\/em><\/strong> tour:<\/p>\n\n\n\n<figure class=\"wp-block-image aligncenter size-large\"><img fetchpriority=\"high\" decoding=\"async\" width=\"729\" height=\"1024\" src=\"https:\/\/alliedforces.eu\/wp-content\/uploads\/2024\/05\/Rotting-Christ-Tour-2024-729x1024.jpg\" alt=\"\" class=\"wp-image-29179\" srcset=\"https:\/\/alliedforces.eu\/wp-content\/uploads\/2024\/05\/Rotting-Christ-Tour-2024-729x1024.jpg 729w, https:\/\/alliedforces.eu\/wp-content\/uploads\/2024\/05\/Rotting-Christ-Tour-2024-214x300.jpg 214w, https:\/\/alliedforces.eu\/wp-content\/uploads\/2024\/05\/Rotting-Christ-Tour-2024-768x1078.jpg 768w, https:\/\/alliedforces.eu\/wp-content\/uploads\/2024\/05\/Rotting-Christ-Tour-2024-1094x1536.jpg 1094w, https:\/\/alliedforces.eu\/wp-content\/uploads\/2024\/05\/Rotting-Christ-Tour-2024-1459x2048.jpg 1459w, https:\/\/alliedforces.eu\/wp-content\/uploads\/2024\/05\/Rotting-Christ-Tour-2024-1024x1438.jpg 1024w, https:\/\/alliedforces.eu\/wp-content\/uploads\/2024\/05\/Rotting-Christ-Tour-2024-scaled.jpg 1823w\" sizes=\"(max-width: 729px) 100vw, 729px\" \/><\/figure>\n\n\n\n<div class=\"wp-block-columns is-layout-flex wp-container-core-columns-is-layout-7387b849 wp-block-columns-is-layout-flex\">\n<div class=\"wp-block-column is-layout-flow wp-block-column-is-layout-flow\">\n<p class=\"wp-block-paragraph\">28 September: Warsaw, PL @ Proxima<br>29 September: Krakow, PL @ Hyde Park<br>1 October: Gdansk, PL @ Drizzly Grizzly<br>2 October: Leipzig, DE @ Hellraiser<br>3 October: Heidelberg, DE @ Halle02<br>4 October: Ostwald, FR @ Le Point d&#8217;Eau<br>5 October: Seyssinet Pariset, FR @ l&#8217;ilyade<br>6 October: Torino, IT @ Audiodrome Live Club<br>7 October: Bologna, IT @ Locomotiv<br>8 October: Nuremburg, DE @ Hirsch<br>9 October: Utrecht, NL @ Tivoli Pandora<br>10 October: Bochum, DE @ Matrix<br>11 October: Wasquehal, FR @ The Black Lab<br>12 October: Limoges, FR @ CCM John Lennon<br>13 October: Montpellier, FR @ Rockstore<\/p>\n<\/div>\n\n\n\n<div class=\"wp-block-column is-layout-flow wp-block-column-is-layout-flow\">\n<p class=\"wp-block-paragraph\">15 October: Villava, ES @ Totem<br>16 October: Ponferrada, ES @ La Vaca<br>17 October: Porto, PT @ Hard Club<br>18 October: Lisbon, PT @ Under the Doom Festival<br>19 October: Madrid, ES @ Chang\u00f3<br>20 October: Seville, ES @ Custom<br>22 October: Murcia, ES @ Gamma<br>23 October: L&#8217;Hospitalet, ES @ Salamandra<br>24 October: Toulouse, FR @ La Cabane<br>25 October: La M\u00e9zi\u00e8re, FR @ Samain Fest (Salle Cassiop\u00e9e)<br>26 October: Sint Niklaas, BE @ De Casino<br>27 October: Maastricht, NL @ Samhain Festival <strong>*without Seth<\/strong><\/p>\n<\/div>\n<\/div>\n\n\n\n<p class=\"wp-block-paragraph\">\u00ab<em>Dear Metal brothers &amp; sisters, we can proudly announce that we celebrate our 35 years of existence with the release of our new album Pro Xristou &amp; some special shows on European soils this Autumn<\/em>\u00ab, says <strong>Sakis Tolis <\/strong>on behalf of <strong>Rotting Christ<\/strong>. \u00ab<em>Together with the Scandinavian Pagan Metal Kings Borknagar and French diabolical horde Seth we promise to perform a hell of a show every night! Thanks for your attention and look forward to seeing you all in the battle field!<\/em>\u00ab.<\/p>\n\n\n\n<p class=\"wp-block-paragraph\">Likewise, the French <strong>Seth <\/strong>have taken advantage of the announcement of this important tour with the following message: \u00ab<em>Sharing the stage for a whole month with thy mighty Rotting Christ is thrilling ! This will be our 3rd European tour in over 25 years and definitely the biggest journey that we&#8217;ve ever had ! We can&#8217;t think of any better band on Season of Mist roster to promote La France des Maudits!<\/em>\u00ab.<\/p>","protected":false},"excerpt":{"rendered":"<p>Greek black metallers Rotting Christ have recently announced that at the end of the year&#8230;<\/p>","protected":false},"author":1,"featured_media":27926,"comment_status":"open","ping_status":"open","sticky":false,"template":"","format":"standard","meta":{"footnotes":""},"categories":[183],"tags":[488,955,1357],"class_list":["post-29178","post","type-post","status-publish","format-standard","has-post-thumbnail","hentry","category-shows","tag-borknagar","tag-rotting-christ","tag-seth"],"_links":{"self":[{"href":"https:\/\/alliedforces.eu\/en\/wp-json\/wp\/v2\/posts\/29178","targetHints":{"allow":["GET"]}}],"collection":[{"href":"https:\/\/alliedforces.eu\/en\/wp-json\/wp\/v2\/posts"}],"about":[{"href":"https:\/\/alliedforces.eu\/en\/wp-json\/wp\/v2\/types\/post"}],"author":[{"embeddable":true,"href":"https:\/\/alliedforces.eu\/en\/wp-json\/wp\/v2\/users\/1"}],"replies":[{"embeddable":true,"href":"https:\/\/alliedforces.eu\/en\/wp-json\/wp\/v2\/comments?post=29178"}],"version-history":[{"count":0,"href":"https:\/\/alliedforces.eu\/en\/wp-json\/wp\/v2\/posts\/29178\/revisions"}],"wp:featuredmedia":[{"embeddable":true,"href":"https:\/\/alliedforces.eu\/en\/wp-json\/wp\/v2\/media\/27926"}],"wp:attachment":[{"href":"https:\/\/alliedforces.eu\/en\/wp-json\/wp\/v2\/media?parent=29178"}],"wp:term":[{"taxonomy":"category","embeddable":true,"href":"https:\/\/alliedforces.eu\/en\/wp-json\/wp\/v2\/categories?post=29178"},{"taxonomy":"post_tag","embeddable":true,"href":"https:\/\/alliedforces.eu\/en\/wp-json\/wp\/v2\/tags?post=29178"}],"curies":[{"name":"wp","href":"https:\/\/api.w.org\/{rel}","templated":true}]}}