{"id":28963,"date":"2024-03-11T11:29:39","date_gmt":"2024-03-11T11:29:39","guid":{"rendered":"https:\/\/alliedforces.eu\/?p=28963"},"modified":"2024-03-13T11:53:05","modified_gmt":"2024-03-13T11:53:05","slug":"thy-catafalque-2024-european-tour-dates","status":"publish","type":"post","link":"https:\/\/alliedforces.eu\/en\/thy-catafalque-2024-european-tour-dates\/","title":{"rendered":"Thy Catafalque announces 2024 European Tour with The Answer Lies In The Black Void"},"content":{"rendered":"<p class=\"wp-block-paragraph\">Steel yourself, trailblazers of the avant-garde.\u00a0<strong><a href=\"https:\/\/alliedforces.eu\/en\/dark-easter-metal-meeting-2024-full-line-up-and-information\/\" data-type=\"post\" data-id=\"27447\">Thy Catafalque<\/a><\/strong>, the innovative auditory blacksmith who bridged black metal and the avant-garde, is set to grace Europe with 10 exclusive dates across the mainland with <strong>The Answer Lies In The Black Void<\/strong> opening the show. We invite you on a journey toward the unexplored realms of musical expression, guided by Tam\u00e1s K\u00e1tai \u2014\u00a0<strong>Thy Catafalque<\/strong>&#8216;s visionary and the relentless rebel in the world of metal.<\/p>\n\n\n\n<p class=\"wp-block-paragraph\">Experience the sonic magic, the defying conventions, and mind-bending dance of aggression and artistry, as we retread paths of musical evolution. Cherish the echoes of the past as the trailblazer forges forward.<\/p>\n\n\n\n<figure class=\"wp-block-image aligncenter size-large\"><img fetchpriority=\"high\" decoding=\"async\" width=\"724\" height=\"1024\" src=\"https:\/\/alliedforces.eu\/wp-content\/uploads\/2024\/03\/Thy-Catafalque-Tour-2024-724x1024.png\" alt=\"Thy Catafalque\" class=\"wp-image-28964\" srcset=\"https:\/\/alliedforces.eu\/wp-content\/uploads\/2024\/03\/Thy-Catafalque-Tour-2024-724x1024.png 724w, https:\/\/alliedforces.eu\/wp-content\/uploads\/2024\/03\/Thy-Catafalque-Tour-2024-212x300.png 212w, https:\/\/alliedforces.eu\/wp-content\/uploads\/2024\/03\/Thy-Catafalque-Tour-2024-768x1086.png 768w, https:\/\/alliedforces.eu\/wp-content\/uploads\/2024\/03\/Thy-Catafalque-Tour-2024-1086x1536.png 1086w, https:\/\/alliedforces.eu\/wp-content\/uploads\/2024\/03\/Thy-Catafalque-Tour-2024-1448x2048.png 1448w, https:\/\/alliedforces.eu\/wp-content\/uploads\/2024\/03\/Thy-Catafalque-Tour-2024-1024x1448.png 1024w, https:\/\/alliedforces.eu\/wp-content\/uploads\/2024\/03\/Thy-Catafalque-Tour-2024.png 2000w\" sizes=\"(max-width: 724px) 100vw, 724px\" \/><\/figure>\n\n\n\n<h2 class=\"wp-block-heading has-text-align-center\"><strong>Thy Catafalque<\/strong> <strong>2024 Europe Tour<\/strong>:<\/h2>\n\n\n\n<p class=\"wp-block-paragraph\">29th March: Vienna, AT @ Szene<br>30th March: Prague, CZ @ Kas\u00e1rna Karl\u00edn<br>31st March: Munich, DE @ Dark Easter Metal Meeting &#8211; SOLD OUT!<br>1st April: Colmar, FR @ Le Grillen<br>2nd April: Oberhausen, DE @ Kulttempel<br>3rd April: Kortrijk, BE @ DVG Club<br>4th April: Eindhoven, NL @ Effenaar<br>5th April: Rotterdam, NL @ Baroeg<br>6th April: Copenhagen, DK @ Stengade<br>7th April: Hamburg, DE @ Martkthalle-Marx<\/p>\n\n\n\n<p class=\"wp-block-paragraph\"><strong><a href=\"https:\/\/www.facebook.com\/thycatafalque\" target=\"_blank\" rel=\"noopener\">Thy Catafalque<\/a><\/strong> is a metamorphic entity that&#8217;s constantly evolving, showcasing musical ingenuity that&#8217;s as limitless as it is daring. Meaning <em>The Great Plains<\/em>, <strong><em>Alf\u00f6ld<\/em><\/strong> is grounded in the Avant Garde project&#8217;s heavy beginnings. While the record takes a cue from <strong>Thy Catafalque<\/strong>&#8216;s early days, mastermind <strong>Tam\u00e1s K\u00e1tai<\/strong>&#8216;s modern progressive instincts shine through, elevating the record beyond the realm of metal as-you-know-it and once again creating a cutting-edge sound that&#8217;s far ahead of its time.<\/p>\n\n\n\n<p class=\"wp-block-paragraph\">\u00ab<em>Alf\u00f6ld is the most straight forward and classic extreme metal album the project ever recorded<\/em>\u00ab, says mastermind <strong>Tam\u00e1s K\u00e1tai<\/strong>. \u00ab<em>This time I just wanted to do metal without any innovation or progression, focusing on songs and riffs rather than experimenting and breaking new grounds. Had to let the old ideas out, so I did it with enjoyment. Alf\u00f6ld means The Great Plains, a massive flat part of South-East Hungary where I was born and raised and we shot the video for &#8216;N\u00e9ma vermek&#8217; in the middle of the barren lands, in Mak\u00f3-Bog\u00e1rz\u00f3<\/em>\u00ab.<\/p>\n\n\n\n<p class=\"wp-block-paragraph\">Originally, <strong>Thy Catafalque<\/strong> emerged as a black metal band founded by singer\/keyboard player <strong>Tam\u00e1s K\u00e1tai <\/strong>with the aid of guitarist\/bassist <strong>J\u00e1nos Juh\u00e1sz<\/strong>. Following their joined debut <strong><em>Sublunary Tragedies<\/em><\/strong> (1999), the Hungarians evolved into quite different directions, but steadily gaining more followers in the process through the following albums, <strong><em>Microcosmos<\/em><\/strong> (2001) and the self-released <strong><em>T\u0171n\u0151 Id\u0151 T\u00e1rlat<\/em><\/strong> (2004).<\/p>\n\n\n\n<p class=\"wp-block-paragraph\">On their fourth full-length, <strong><em>R\u00f3ka Hasa R\u00e1di\u00f3<\/em><\/strong> (2009), Thy Catafalque invited <strong>\u00c1gnes T\u00f3th<\/strong> from neo-folk outfit <strong>The Moon And The Nightspirit<\/strong> and <strong>Attila Bakos<\/strong> to add their haunting vocals. With fifth album <strong><em>Rengeteg<\/em><\/strong> (2011), <strong>Tam\u00e1s K\u00e1tai<\/strong> finally went solo with the help of guest musicians that again included <strong>\u00c1gnes T\u00f3th<\/strong> an <strong>Attila Bakos<\/strong>. Dubbing his eclectic musical amalgamation avant-garde metal, the Hungarian explored new sonic possibilities with <strong><em>Sg\u00f9rr<\/em><\/strong> (2015). <\/p>\n\n\n\n<p class=\"wp-block-paragraph\">The sixth full-length turned out to be slightly more complex than its successor, <strong><em>Meta<\/em><\/strong> (2016), which returned to a more direct approach without losing the steadily growing sonic diversity. In 2018, <strong>Thy Catafalque <\/strong>continued this path with the release of <strong><em>Geometria<\/em><\/strong>. Thy Catafalque delivered another spectacular musical mosaic with their ninth full-length entitled <strong><em>Naiv<\/em><\/strong>, inspired by the n<em>a\u00efve art<\/em> movement.<\/p>\n\n\n\n<p class=\"wp-block-paragraph\">In 2021, Thy Catafalque return with <strong><em>Vadak<\/em><\/strong>. Meaning <em>wildlings<\/em> in Hungarian, the album title is a deliberate clue to the exotic and feral essence of <strong><em>Vadak<\/em><\/strong>. Like seedlings scattered throughout the forest by the mere forces of nature, <strong>Thy Catafalque<\/strong>&#8216;s imaginative sound grows with an organic sense of whimsy, cultivated within the vast influences of our megacosm. Thematically, <strong><em>Vadak<\/em><\/strong> is a foreboding lesson in mortality. Emphasizing the fragility that is shared by man and beast alike, the record explores our Freudian life instincts, in which we inherently fear and run from the ultimate goal of existence: death.<\/p>\n\n\n\n<p class=\"wp-block-paragraph\">Now, the visionary is looking to the past as it journeys onward and upward with its latest opus, which is just as familiar as it is forward-thinking, certain to mesmerize a vast swath of metal enthusiasts across all genres.<\/p>","protected":false},"excerpt":{"rendered":"<p>Steel yourself, trailblazers of the avant-garde.\u00a0Thy Catafalque, the innovative auditory blacksmith who bridged black metal&#8230;<\/p>","protected":false},"author":1,"featured_media":28965,"comment_status":"open","ping_status":"open","sticky":false,"template":"","format":"standard","meta":{"footnotes":""},"categories":[183],"tags":[1002],"class_list":["post-28963","post","type-post","status-publish","format-standard","has-post-thumbnail","hentry","category-shows","tag-thy-catafalque"],"_links":{"self":[{"href":"https:\/\/alliedforces.eu\/en\/wp-json\/wp\/v2\/posts\/28963","targetHints":{"allow":["GET"]}}],"collection":[{"href":"https:\/\/alliedforces.eu\/en\/wp-json\/wp\/v2\/posts"}],"about":[{"href":"https:\/\/alliedforces.eu\/en\/wp-json\/wp\/v2\/types\/post"}],"author":[{"embeddable":true,"href":"https:\/\/alliedforces.eu\/en\/wp-json\/wp\/v2\/users\/1"}],"replies":[{"embeddable":true,"href":"https:\/\/alliedforces.eu\/en\/wp-json\/wp\/v2\/comments?post=28963"}],"version-history":[{"count":0,"href":"https:\/\/alliedforces.eu\/en\/wp-json\/wp\/v2\/posts\/28963\/revisions"}],"wp:featuredmedia":[{"embeddable":true,"href":"https:\/\/alliedforces.eu\/en\/wp-json\/wp\/v2\/media\/28965"}],"wp:attachment":[{"href":"https:\/\/alliedforces.eu\/en\/wp-json\/wp\/v2\/media?parent=28963"}],"wp:term":[{"taxonomy":"category","embeddable":true,"href":"https:\/\/alliedforces.eu\/en\/wp-json\/wp\/v2\/categories?post=28963"},{"taxonomy":"post_tag","embeddable":true,"href":"https:\/\/alliedforces.eu\/en\/wp-json\/wp\/v2\/tags?post=28963"}],"curies":[{"name":"wp","href":"https:\/\/api.w.org\/{rel}","templated":true}]}}