{"id":28785,"date":"2024-03-01T08:36:53","date_gmt":"2024-03-01T08:36:53","guid":{"rendered":"https:\/\/alliedforces.eu\/?p=28785"},"modified":"2024-03-01T08:36:54","modified_gmt":"2024-03-01T08:36:54","slug":"ebba-bergkvist-the-flat-tire-band-release-music-video-for-new-single-the-pack","status":"publish","type":"post","link":"https:\/\/alliedforces.eu\/en\/ebba-bergkvist-the-flat-tire-band-release-music-video-for-new-single-the-pack\/","title":{"rendered":"Ebba Bergkvist &#038; The Flat Tire Band release music video for new single \u00abThe Pack\u00bb"},"content":{"rendered":"<p class=\"wp-block-paragraph\"><strong><a href=\"https:\/\/thesignrecords.com\/\" target=\"_blank\" rel=\"noopener\">The Sign Records<\/a><\/strong> are happy to announce that <strong><a href=\"https:\/\/ebbabergkvist.com\/\" target=\"_blank\" rel=\"noopener\">Ebba Bergkvist &amp; The Flat Tire Band<\/a><\/strong> has joined the label for the release of their second studio album. Later in March, the band will go on a 10 date tour in Spain\u00a0<em>(dates below)\u00a0<\/em>and now, on the 1st of March,\u00a0<strong>Ebba Bergkvist &amp; The Flat Tire Band<\/strong>\u00a0share the first single and music video from their upcoming album, <strong><em>The Pack<\/em><\/strong>. Listen to <strong><em>The Pack<\/em><\/strong> below:<\/p>\n\n\n\n<figure class=\"wp-block-embed is-type-video is-provider-youtube wp-block-embed-youtube wp-embed-aspect-16-9 wp-has-aspect-ratio\"><div class=\"wp-block-embed__wrapper\">\n<iframe title=\"Ebba Bergkvist &amp; The Flat Tire Band - The Pack (Official Music Video)\" width=\"640\" height=\"360\" src=\"https:\/\/www.youtube.com\/embed\/Z4vRLm8EOGU?feature=oembed\" frameborder=\"0\" allow=\"accelerometer; autoplay; clipboard-write; encrypted-media; gyroscope; picture-in-picture; web-share\" referrerpolicy=\"strict-origin-when-cross-origin\" allowfullscreen><\/iframe>\n<\/div><\/figure>\n\n\n\n<p class=\"wp-block-paragraph\"><strong>Ebba\u00a0Bergkvist &amp; The Flat Tire Band<\/strong> is a Swedish blues rock band who freely moves between heavy guitar riffs, raw garage rock and heartbreaking blues. With her powerful voice, <strong>Ebba Bergkvist<\/strong> mends the bond between the rock of the 70s and our modern soundscape, with the music&#8217;s energy as the most essential.\u00a0What started as a solo project at a music school in northern Sweden 2017 soon culminated in the EP <strong><em>Alright<\/em><\/strong> in 2019, which after moving back to the hometown of Stockholm was followed up by the acclaimed debut album <strong><em>Spilt Milk<\/em><\/strong> (2020). <\/p>\n\n\n\n<p class=\"wp-block-paragraph\">During the covid 19-years the band released a few follow-up singles including the song <strong><em>Patience<\/em><\/strong> released on the International Women&#8217;s Day 2021 featuring six other female rock singers. 2023 held alongside a few live shows around Sweden the recording of the band&#8217;s second album, to be released spring 2024. The band consists of the Swedish guitarist, singer and the Junior Blues Prize of 2023 winner <strong>Ebba Bergkvist<\/strong>, bassist <strong>Bj\u00f6rn Bj\u00f6rnehult Korning<\/strong>, drummer <strong>Adam Randolph<\/strong> and Finnish guitarist <strong>Jonas Skeppar<\/strong>.<\/p>\n\n\n\n<figure class=\"wp-block-image aligncenter size-large\"><img fetchpriority=\"high\" decoding=\"async\" width=\"1024\" height=\"1024\" src=\"https:\/\/alliedforces.eu\/wp-content\/uploads\/2024\/03\/Ebba-Bergkvist-The-Flat-Tire-Band-The-Pack-2024-1024x1024.jpg\" alt=\"Ebba Bergkvist &amp; The Flat Tire Band\" class=\"wp-image-28787\" srcset=\"https:\/\/alliedforces.eu\/wp-content\/uploads\/2024\/03\/Ebba-Bergkvist-The-Flat-Tire-Band-The-Pack-2024-1024x1024.jpg 1024w, https:\/\/alliedforces.eu\/wp-content\/uploads\/2024\/03\/Ebba-Bergkvist-The-Flat-Tire-Band-The-Pack-2024-300x300.jpg 300w, https:\/\/alliedforces.eu\/wp-content\/uploads\/2024\/03\/Ebba-Bergkvist-The-Flat-Tire-Band-The-Pack-2024-150x150.jpg 150w, https:\/\/alliedforces.eu\/wp-content\/uploads\/2024\/03\/Ebba-Bergkvist-The-Flat-Tire-Band-The-Pack-2024-768x768.jpg 768w, https:\/\/alliedforces.eu\/wp-content\/uploads\/2024\/03\/Ebba-Bergkvist-The-Flat-Tire-Band-The-Pack-2024.jpg 1200w\" sizes=\"(max-width: 1024px) 100vw, 1024px\" \/><\/figure>\n\n\n\n<h2 class=\"wp-block-heading has-text-align-center\">Ebba Bergkvist &amp; The Flat Tire Band Spanish Tour 2024:<\/h2>\n\n\n\n<p class=\"wp-block-paragraph\">14 March &#8211; La Divergente (Toledo)<br>15 March &#8211; Rock States (Ja\u00e9n)<br>16 March &#8211; ZZ Pub (M\u00e1laga)<br>17 March &#8211; Boogaloo Caf\u00e9 (C\u00e1ceres)<br>19 March &#8211; Caf\u00e9 Cultural Auriense (Ourense)<br>20 March &#8211; El Gran Caf\u00e9 (Le\u00f3n)<br>21 March &#8211; Escenario Rock Nights (Santander)<br>22 March &#8211; Sala Contacto (Navalmoral de la Mata)<br>23 March &#8211; Sala Mardi Gras (A Coru\u00f1a)<br>24 March &#8211; Sala Porta Caeli (Valladolid)<\/p>","protected":false},"excerpt":{"rendered":"<p>The Sign Records are happy to announce that Ebba Bergkvist &amp; The Flat Tire Band&#8230;<\/p>","protected":false},"author":1,"featured_media":28789,"comment_status":"open","ping_status":"open","sticky":false,"template":"","format":"standard","meta":{"footnotes":""},"categories":[1159],"tags":[1324],"class_list":["post-28785","post","type-post","status-publish","format-standard","has-post-thumbnail","hentry","category-news","tag-ebba-bergkvist-the-flat-tire-band"],"_links":{"self":[{"href":"https:\/\/alliedforces.eu\/en\/wp-json\/wp\/v2\/posts\/28785","targetHints":{"allow":["GET"]}}],"collection":[{"href":"https:\/\/alliedforces.eu\/en\/wp-json\/wp\/v2\/posts"}],"about":[{"href":"https:\/\/alliedforces.eu\/en\/wp-json\/wp\/v2\/types\/post"}],"author":[{"embeddable":true,"href":"https:\/\/alliedforces.eu\/en\/wp-json\/wp\/v2\/users\/1"}],"replies":[{"embeddable":true,"href":"https:\/\/alliedforces.eu\/en\/wp-json\/wp\/v2\/comments?post=28785"}],"version-history":[{"count":0,"href":"https:\/\/alliedforces.eu\/en\/wp-json\/wp\/v2\/posts\/28785\/revisions"}],"wp:featuredmedia":[{"embeddable":true,"href":"https:\/\/alliedforces.eu\/en\/wp-json\/wp\/v2\/media\/28789"}],"wp:attachment":[{"href":"https:\/\/alliedforces.eu\/en\/wp-json\/wp\/v2\/media?parent=28785"}],"wp:term":[{"taxonomy":"category","embeddable":true,"href":"https:\/\/alliedforces.eu\/en\/wp-json\/wp\/v2\/categories?post=28785"},{"taxonomy":"post_tag","embeddable":true,"href":"https:\/\/alliedforces.eu\/en\/wp-json\/wp\/v2\/tags?post=28785"}],"curies":[{"name":"wp","href":"https:\/\/api.w.org\/{rel}","templated":true}]}}